{"id":12939,"date":"2024-07-05T04:56:40","date_gmt":"2024-07-05T04:56:40","guid":{"rendered":"https:\/\/nkucconsultoria.com\/micrositio\/?p=12939"},"modified":"2024-07-10T23:15:45","modified_gmt":"2024-07-10T23:15:45","slug":"el-principal-reto-de-la-implementacion-de-la-igualdad-de-genero-y-la-inclusion-social-en-la-justicia-penal-y-en-sus-instituciones","status":"publish","type":"post","link":"https:\/\/nkucconsultoria.com\/micrositio\/2024\/07\/05\/el-principal-reto-de-la-implementacion-de-la-igualdad-de-genero-y-la-inclusion-social-en-la-justicia-penal-y-en-sus-instituciones\/","title":{"rendered":"El principal reto de la implementaci\u00f3n de la igualdad de g\u00e9nero y la inclusi\u00f3n social en la justicia penal y en sus instituciones"},"content":{"rendered":"<h2>\u00bfC\u00f3mo podemos asegurar que la justicia sea realmente igualitaria y justa para todos?<\/h2>\n<p>Nos adentraremos en la complejidad de implementar la igualdad de g\u00e9nero y de inclusi\u00f3n social en el sistema de justicia penal en M\u00e9xico. Presentaremos algunos de los desaf\u00edos fundamentales que enfrentan las instituciones de justicia para garantizar una respuesta efectiva para la poblaci\u00f3n, en condiciones de igualdad.<\/p>\n<h2>Desaf\u00edos en la justicia penal:<\/h2>\n<p>La discriminaci\u00f3n de g\u00e9nero en la aplicaci\u00f3n de la ley es un problema persistente que afecta el derecho a la igualdad y no discriminaci\u00f3n en nuestro sistema judicial. Para abordar este y otros desaf\u00edos, es necesario capacitar en perspectiva de g\u00e9nero e inclusi\u00f3n social a las personas juzgadoras, fiscales y polic\u00edas. Implementar protocolos de atenci\u00f3n a v\u00edctimas con perspectiva de g\u00e9nero e inclusi\u00f3n social y promover medidas de justicia restaurativa y transformadora son pasos fundamentales para garantizar una justicia en condiciones de igualdad.<\/p>\n<p>La justicia igualitaria e inclusiva no solo es un derecho humano fundamental, sino que tambi\u00e9n es esencial para construir sociedades pac\u00edficas y pr\u00f3speras. Al garantizar una aplicaci\u00f3n imparcial de la ley y proteger los derechos de las personas que buscan justicia, contribuimos al fortalecimiento del estado de derecho y al bienestar de nuestra comunidad.<\/p>\n<h4>Capacitaci\u00f3n y sensibilizaci\u00f3n del personal<\/h4>\n<p>Uno de los principales retos es la falta de capacitaci\u00f3n adecuada y sensibilizaci\u00f3n del personal en la Fiscal\u00eda sobre temas de igualdad g\u00e9nero e inclusi\u00f3n social. Muchas personas funcionarias a\u00fan carecen de la formaci\u00f3n necesaria para manejar casos con una perspectiva de g\u00e9nero y no discriminaci\u00f3n. Esto puede llevar a una revictimizaci\u00f3n de las personas que acuden a la Fiscal\u00eda en busca de justicia, especialmente en casos de violencia de g\u00e9nero, violencia motivada por prejuicios u odio, y a la perpetuaci\u00f3n de estereotipos y prejuicios en el tratamiento de los casos.<\/p>\n<h4>\u00bfC\u00f3mo lo pudi\u00e9ramos superar?<\/h4>\n<p>Sin dejar de lado la importancia de implementar programas de capacitaci\u00f3n continua y obligatoria para todo el personal de la Fiscal\u00eda, enfoc\u00e1ndose en la perspectiva de g\u00e9nero y la inclusi\u00f3n social. Es importante el desarrollo de acciones dirigidas a la cultura organizacional, que atiendan a las creencias, s\u00edmbolos y prejuicios que funcionan como libretos cognitivos en el personal p\u00fablico, y que inciden en el tratamiento de los casos.<\/p>\n<h4>Infraestructura y recursos adecuados<\/h4>\n<p>La falta de infraestructura y recursos adecuados para atender a v\u00edctimas de violencia de g\u00e9nero y otros grupos vulnerables es otro desaf\u00edo significativo. Muchas Fiscal\u00edas no cuentan con espacios seguros y accesibles, ni con los recursos materiales y humanos necesarios para brindar una atenci\u00f3n adecuada. Esto puede disuadir a las v\u00edctimas de denunciar los delitos y buscar justicia, perpetuando la impunidad y la falta de confianza en el sistema de justicia.<\/p>\n<h4>\u00bfc\u00f3mo lo pudi\u00e9ramos superar?<\/h4>\n<p>Si bien es ideal aumentar la inversi\u00f3n en infraestructura y recursos destinados a las Fiscal\u00edas para la atenci\u00f3n de personas en condiciones de vulnerabilidad; mientras esto ocurre, es importante promover medidas alternativas para apoyar a las personas con movilidad limitada para recibir su denuncia en espacios accesibles, acondicionar un espacio con mayor privacidad para recibir denuncias y atender a personas en determinadas condiciones, contar con impresiones provisionales con informaci\u00f3n \u00fatil sobre sus derechos, elaborar gu\u00edas de actuaci\u00f3n para el personal que no cuenta con capacitaci\u00f3n especializada, entre otros.<\/p>\n<h4>Implementaci\u00f3n y monitoreo de protocolos con perspectiva de g\u00e9nero<\/h4>\n<p>Aunque existen protocolos y normativas que incorporan la perspectiva de g\u00e9nero, de derechos humanos y de inclusi\u00f3n soial, su implementaci\u00f3n y monitoreo efectivo sigue siendo un reto. Muchas veces, estos protocolos no se aplican de manera consistente o se desconocen por parte del personal. La falta de aplicaci\u00f3n uniforme de estos protocolos puede resultar en una atenci\u00f3n desigual y deficiente a las v\u00edctimas, as\u00ed como en la falta de sanciones adecuadas para los delitos que afectan a las personas en situaci\u00f3n de vulnerabilidad.<\/p>\n<h4>\u00bfc\u00f3mo lo pudi\u00e9ramos superar?<\/h4>\n<p>Establecer mecanismos de supervisi\u00f3n y rendici\u00f3n de cuentas para asegurar la implementaci\u00f3n efectiva de los protocolos. Esto incluye la creaci\u00f3n de unidades especializadas dentro de la Fiscal\u00eda encargadas de monitorear el cumplimiento de estos protocolos y la realizaci\u00f3n de auditor\u00edas peri\u00f3dicas para evaluar su aplicaci\u00f3n. M\u00e1s importante a\u00fan, ser\u00e1 promover espacios recurrentes para que las personas usuarias, puedan presentar sus necesidades y preocupaciones sobre la atenci\u00f3n y soluciones que han recibido en sus casos<\/p>\n","protected":false},"excerpt":{"rendered":"<p>\u00bfC\u00f3mo podemos asegurar que la justicia sea realmente igualitaria y justa para todos? Nos adentraremos en la complejidad de implementar la igualdad [&hellip;]<\/p>\n","protected":false},"author":3,"featured_media":12942,"comment_status":"open","ping_status":"open","sticky":false,"template":"","format":"standard","meta":{"rank_math_lock_modified_date":false,"footnotes":""},"categories":[39],"tags":[],"class_list":["post-12939","post","type-post","status-publish","format-standard","has-post-thumbnail","hentry","category-articulos"],"_links":{"self":[{"href":"https:\/\/nkucconsultoria.com\/micrositio\/wp-json\/wp\/v2\/posts\/12939"}],"collection":[{"href":"https:\/\/nkucconsultoria.com\/micrositio\/wp-json\/wp\/v2\/posts"}],"about":[{"href":"https:\/\/nkucconsultoria.com\/micrositio\/wp-json\/wp\/v2\/types\/post"}],"author":[{"embeddable":true,"href":"https:\/\/nkucconsultoria.com\/micrositio\/wp-json\/wp\/v2\/users\/3"}],"replies":[{"embeddable":true,"href":"https:\/\/nkucconsultoria.com\/micrositio\/wp-json\/wp\/v2\/comments?post=12939"}],"version-history":[{"count":6,"href":"https:\/\/nkucconsultoria.com\/micrositio\/wp-json\/wp\/v2\/posts\/12939\/revisions"}],"predecessor-version":[{"id":12946,"href":"https:\/\/nkucconsultoria.com\/micrositio\/wp-json\/wp\/v2\/posts\/12939\/revisions\/12946"}],"wp:featuredmedia":[{"embeddable":true,"href":"https:\/\/nkucconsultoria.com\/micrositio\/wp-json\/wp\/v2\/media\/12942"}],"wp:attachment":[{"href":"https:\/\/nkucconsultoria.com\/micrositio\/wp-json\/wp\/v2\/media?parent=12939"}],"wp:term":[{"taxonomy":"category","embeddable":true,"href":"https:\/\/nkucconsultoria.com\/micrositio\/wp-json\/wp\/v2\/categories?post=12939"},{"taxonomy":"post_tag","embeddable":true,"href":"https:\/\/nkucconsultoria.com\/micrositio\/wp-json\/wp\/v2\/tags?post=12939"}],"curies":[{"name":"wp","href":"https:\/\/api.w.org\/{rel}","templated":true}]}}